{"id":250963,"date":"2009-04-23T14:07:47","date_gmt":"2009-04-23T12:07:47","guid":{"rendered":"http:\/\/www.islaminstitut.de\/?p=250963"},"modified":"2017-03-30T14:11:54","modified_gmt":"2017-03-30T12:11:54","slug":"tuerkei-gefaengnis-fuer-attentaeter-der-katholischen-priester-mit-messer-attackierte","status":"publish","type":"post","link":"https:\/\/www.islaminstitut.de\/en\/2009\/tuerkei-gefaengnis-fuer-attentaeter-der-katholischen-priester-mit-messer-attackierte\/","title":{"rendered":"(Deutsch) T\u00fcrkei: Gef\u00e4ngnis f\u00fcr Attent\u00e4ter, der katholischen Priester mit Messer attackierte"},"content":{"rendered":"<p class=\"qtranxs-available-languages-message qtranxs-available-languages-message-en\">Sorry, this entry is only available in <a href=\"https:\/\/www.islaminstitut.de\/de\/wp-json\/wp\/v2\/posts\/250963\" class=\"qtranxs-available-language-link qtranxs-available-language-link-de\" title=\"Deutsch\">Deutsch<\/a>.<\/p>","protected":false},"excerpt":{"rendered":"<p class=\"qtranxs-available-languages-message qtranxs-available-languages-message-en\">Sorry, this entry is only available in <a href=\"https:\/\/www.islaminstitut.de\/de\/wp-json\/wp\/v2\/posts\/250963\" class=\"qtranxs-available-language-link qtranxs-available-language-link-de\" title=\"Deutsch\">Deutsch<\/a>.<\/p>\n","protected":false},"author":1,"featured_media":0,"comment_status":"closed","ping_status":"closed","sticky":false,"template":"","format":"standard","meta":{"footnotes":""},"categories":[84],"tags":[280,86,393,249,210,174,170,339,122,92],"class_list":["post-250963","post","type-post","status-publish","format-standard","hentry","category-news-archiv","tag-attentat","tag-christen","tag-verfolgung","tag-diskriminierung","tag-fernsehen","tag-gewalt","tag-katholizismus","tag-radikalisierung","tag-schule","tag-tuerkei"],"_links":{"self":[{"href":"https:\/\/www.islaminstitut.de\/en\/wp-json\/wp\/v2\/posts\/250963","targetHints":{"allow":["GET"]}}],"collection":[{"href":"https:\/\/www.islaminstitut.de\/en\/wp-json\/wp\/v2\/posts"}],"about":[{"href":"https:\/\/www.islaminstitut.de\/en\/wp-json\/wp\/v2\/types\/post"}],"author":[{"embeddable":true,"href":"https:\/\/www.islaminstitut.de\/en\/wp-json\/wp\/v2\/users\/1"}],"replies":[{"embeddable":true,"href":"https:\/\/www.islaminstitut.de\/en\/wp-json\/wp\/v2\/comments?post=250963"}],"version-history":[{"count":1,"href":"https:\/\/www.islaminstitut.de\/en\/wp-json\/wp\/v2\/posts\/250963\/revisions"}],"predecessor-version":[{"id":250964,"href":"https:\/\/www.islaminstitut.de\/en\/wp-json\/wp\/v2\/posts\/250963\/revisions\/250964"}],"wp:attachment":[{"href":"https:\/\/www.islaminstitut.de\/en\/wp-json\/wp\/v2\/media?parent=250963"}],"wp:term":[{"taxonomy":"category","embeddable":true,"href":"https:\/\/www.islaminstitut.de\/en\/wp-json\/wp\/v2\/categories?post=250963"},{"taxonomy":"post_tag","embeddable":true,"href":"https:\/\/www.islaminstitut.de\/en\/wp-json\/wp\/v2\/tags?post=250963"}],"curies":[{"name":"wp","href":"https:\/\/api.w.org\/{rel}","templated":true}]}}