{"id":250952,"date":"2009-04-08T13:56:31","date_gmt":"2009-04-08T11:56:31","guid":{"rendered":"http:\/\/www.islaminstitut.de\/?p=250952"},"modified":"2017-03-30T13:58:36","modified_gmt":"2017-03-30T11:58:36","slug":"tuerkei-filmbeitrag-fuer-grundschueler-leugnet-armeniermassaker","status":"publish","type":"post","link":"https:\/\/www.islaminstitut.de\/en\/2009\/tuerkei-filmbeitrag-fuer-grundschueler-leugnet-armeniermassaker\/","title":{"rendered":"(Deutsch) T\u00fcrkei: Filmbeitrag f\u00fcr Grundsch\u00fcler leugnet Armeniermassaker"},"content":{"rendered":"<p class=\"qtranxs-available-languages-message qtranxs-available-languages-message-en\">Sorry, this entry is only available in <a href=\"https:\/\/www.islaminstitut.de\/de\/wp-json\/wp\/v2\/posts\/250952\" class=\"qtranxs-available-language-link qtranxs-available-language-link-de\" title=\"Deutsch\">Deutsch<\/a>.<\/p>","protected":false},"excerpt":{"rendered":"<p class=\"qtranxs-available-languages-message qtranxs-available-languages-message-en\">Sorry, this entry is only available in <a href=\"https:\/\/www.islaminstitut.de\/de\/wp-json\/wp\/v2\/posts\/250952\" class=\"qtranxs-available-language-link qtranxs-available-language-link-de\" title=\"Deutsch\">Deutsch<\/a>.<\/p>\n","protected":false},"author":1,"featured_media":0,"comment_status":"closed","ping_status":"closed","sticky":false,"template":"","format":"standard","meta":{"footnotes":""},"categories":[84],"tags":[875,299,300,174,78,999,122,92],"class_list":["post-250952","post","type-post","status-publish","format-standard","hentry","category-news-archiv","tag-akp","tag-armenier","tag-erdogan","tag-gewalt","tag-kindererziehung","tag-massaker","tag-schule","tag-tuerkei"],"_links":{"self":[{"href":"https:\/\/www.islaminstitut.de\/en\/wp-json\/wp\/v2\/posts\/250952","targetHints":{"allow":["GET"]}}],"collection":[{"href":"https:\/\/www.islaminstitut.de\/en\/wp-json\/wp\/v2\/posts"}],"about":[{"href":"https:\/\/www.islaminstitut.de\/en\/wp-json\/wp\/v2\/types\/post"}],"author":[{"embeddable":true,"href":"https:\/\/www.islaminstitut.de\/en\/wp-json\/wp\/v2\/users\/1"}],"replies":[{"embeddable":true,"href":"https:\/\/www.islaminstitut.de\/en\/wp-json\/wp\/v2\/comments?post=250952"}],"version-history":[{"count":1,"href":"https:\/\/www.islaminstitut.de\/en\/wp-json\/wp\/v2\/posts\/250952\/revisions"}],"predecessor-version":[{"id":250953,"href":"https:\/\/www.islaminstitut.de\/en\/wp-json\/wp\/v2\/posts\/250952\/revisions\/250953"}],"wp:attachment":[{"href":"https:\/\/www.islaminstitut.de\/en\/wp-json\/wp\/v2\/media?parent=250952"}],"wp:term":[{"taxonomy":"category","embeddable":true,"href":"https:\/\/www.islaminstitut.de\/en\/wp-json\/wp\/v2\/categories?post=250952"},{"taxonomy":"post_tag","embeddable":true,"href":"https:\/\/www.islaminstitut.de\/en\/wp-json\/wp\/v2\/tags?post=250952"}],"curies":[{"name":"wp","href":"https:\/\/api.w.org\/{rel}","templated":true}]}}