{"id":250888,"date":"2010-10-18T11:44:37","date_gmt":"2010-10-18T09:44:37","guid":{"rendered":"http:\/\/www.islaminstitut.de\/?p=250888"},"modified":"2017-03-29T11:47:35","modified_gmt":"2017-03-29T09:47:35","slug":"3-jahre-haft-fuer-zwei-christen-die-waehrend-des-fastenmonats-assen","status":"publish","type":"post","link":"https:\/\/www.islaminstitut.de\/en\/2010\/3-jahre-haft-fuer-zwei-christen-die-waehrend-des-fastenmonats-assen\/","title":{"rendered":"(Deutsch) 3 Jahre Haft f\u00fcr zwei Christen, die w\u00e4hrend des Fastenmonats a\u00dfen"},"content":{"rendered":"<p class=\"qtranxs-available-languages-message qtranxs-available-languages-message-en\">Sorry, this entry is only available in <a href=\"https:\/\/www.islaminstitut.de\/de\/wp-json\/wp\/v2\/posts\/250888\" class=\"qtranxs-available-language-link qtranxs-available-language-link-de\" title=\"Deutsch\">Deutsch<\/a>.<\/p>","protected":false},"excerpt":{"rendered":"<p class=\"qtranxs-available-languages-message qtranxs-available-languages-message-en\">Sorry, this entry is only available in <a href=\"https:\/\/www.islaminstitut.de\/de\/wp-json\/wp\/v2\/posts\/250888\" class=\"qtranxs-available-language-link qtranxs-available-language-link-de\" title=\"Deutsch\">Deutsch<\/a>.<\/p>\n","protected":false},"author":1,"featured_media":0,"comment_status":"closed","ping_status":"closed","sticky":false,"template":"","format":"standard","meta":{"footnotes":""},"categories":[84],"tags":[208,86,653,684,188,200,333,221],"class_list":["post-250888","post","type-post","status-publish","format-standard","hentry","category-news-archiv","tag-algerien","tag-christen","tag-essen","tag-gefaengnis","tag-gesetz","tag-polizei","tag-ramadan","tag-strafe"],"_links":{"self":[{"href":"https:\/\/www.islaminstitut.de\/en\/wp-json\/wp\/v2\/posts\/250888","targetHints":{"allow":["GET"]}}],"collection":[{"href":"https:\/\/www.islaminstitut.de\/en\/wp-json\/wp\/v2\/posts"}],"about":[{"href":"https:\/\/www.islaminstitut.de\/en\/wp-json\/wp\/v2\/types\/post"}],"author":[{"embeddable":true,"href":"https:\/\/www.islaminstitut.de\/en\/wp-json\/wp\/v2\/users\/1"}],"replies":[{"embeddable":true,"href":"https:\/\/www.islaminstitut.de\/en\/wp-json\/wp\/v2\/comments?post=250888"}],"version-history":[{"count":1,"href":"https:\/\/www.islaminstitut.de\/en\/wp-json\/wp\/v2\/posts\/250888\/revisions"}],"predecessor-version":[{"id":250889,"href":"https:\/\/www.islaminstitut.de\/en\/wp-json\/wp\/v2\/posts\/250888\/revisions\/250889"}],"wp:attachment":[{"href":"https:\/\/www.islaminstitut.de\/en\/wp-json\/wp\/v2\/media?parent=250888"}],"wp:term":[{"taxonomy":"category","embeddable":true,"href":"https:\/\/www.islaminstitut.de\/en\/wp-json\/wp\/v2\/categories?post=250888"},{"taxonomy":"post_tag","embeddable":true,"href":"https:\/\/www.islaminstitut.de\/en\/wp-json\/wp\/v2\/tags?post=250888"}],"curies":[{"name":"wp","href":"https:\/\/api.w.org\/{rel}","templated":true}]}}