{"id":250394,"date":"2014-03-01T18:08:51","date_gmt":"2014-03-01T17:08:51","guid":{"rendered":"http:\/\/www.islaminstitut.de\/?p=250394"},"modified":"2017-03-14T18:10:25","modified_gmt":"2017-03-14T17:10:25","slug":"tuerkei-verbot-von-kopftuch-und-baerten-in-oeffentlichen-aemtern-aufgehoben","status":"publish","type":"post","link":"https:\/\/www.islaminstitut.de\/en\/2014\/tuerkei-verbot-von-kopftuch-und-baerten-in-oeffentlichen-aemtern-aufgehoben\/","title":{"rendered":"(Deutsch) T\u00fcrkei: Verbot von Kopftuch und B\u00e4rten in \u00f6ffentlichen \u00c4mtern aufgehoben"},"content":{"rendered":"<p class=\"qtranxs-available-languages-message qtranxs-available-languages-message-en\">Sorry, this entry is only available in <a href=\"https:\/\/www.islaminstitut.de\/de\/wp-json\/wp\/v2\/posts\/250394\" class=\"qtranxs-available-language-link qtranxs-available-language-link-de\" title=\"Deutsch\">Deutsch<\/a>.<\/p>","protected":false},"excerpt":{"rendered":"<p class=\"qtranxs-available-languages-message qtranxs-available-languages-message-en\">Sorry, this entry is only available in <a href=\"https:\/\/www.islaminstitut.de\/de\/wp-json\/wp\/v2\/posts\/250394\" class=\"qtranxs-available-language-link qtranxs-available-language-link-de\" title=\"Deutsch\">Deutsch<\/a>.<\/p>\n","protected":false},"author":1,"featured_media":0,"comment_status":"closed","ping_status":"closed","sticky":false,"template":"","format":"standard","meta":{"footnotes":""},"categories":[84],"tags":[622,249,300,368,92],"class_list":["post-250394","post","type-post","status-publish","format-standard","hentry","category-news-archiv","tag-bart","tag-diskriminierung","tag-erdogan","tag-kopftuch","tag-tuerkei"],"_links":{"self":[{"href":"https:\/\/www.islaminstitut.de\/en\/wp-json\/wp\/v2\/posts\/250394","targetHints":{"allow":["GET"]}}],"collection":[{"href":"https:\/\/www.islaminstitut.de\/en\/wp-json\/wp\/v2\/posts"}],"about":[{"href":"https:\/\/www.islaminstitut.de\/en\/wp-json\/wp\/v2\/types\/post"}],"author":[{"embeddable":true,"href":"https:\/\/www.islaminstitut.de\/en\/wp-json\/wp\/v2\/users\/1"}],"replies":[{"embeddable":true,"href":"https:\/\/www.islaminstitut.de\/en\/wp-json\/wp\/v2\/comments?post=250394"}],"version-history":[{"count":2,"href":"https:\/\/www.islaminstitut.de\/en\/wp-json\/wp\/v2\/posts\/250394\/revisions"}],"predecessor-version":[{"id":250396,"href":"https:\/\/www.islaminstitut.de\/en\/wp-json\/wp\/v2\/posts\/250394\/revisions\/250396"}],"wp:attachment":[{"href":"https:\/\/www.islaminstitut.de\/en\/wp-json\/wp\/v2\/media?parent=250394"}],"wp:term":[{"taxonomy":"category","embeddable":true,"href":"https:\/\/www.islaminstitut.de\/en\/wp-json\/wp\/v2\/categories?post=250394"},{"taxonomy":"post_tag","embeddable":true,"href":"https:\/\/www.islaminstitut.de\/en\/wp-json\/wp\/v2\/tags?post=250394"}],"curies":[{"name":"wp","href":"https:\/\/api.w.org\/{rel}","templated":true}]}}