{"id":249600,"date":"2004-08-16T15:19:19","date_gmt":"2004-08-16T13:19:19","guid":{"rendered":"http:\/\/www.islaminstitut.de\/?p=249600"},"modified":"2017-02-06T15:22:25","modified_gmt":"2017-02-06T14:22:25","slug":"tuerkei-religionsbehoerde-uebernimmt-stromkosten-der-synagogen","status":"publish","type":"post","link":"https:\/\/www.islaminstitut.de\/en\/2004\/tuerkei-religionsbehoerde-uebernimmt-stromkosten-der-synagogen\/","title":{"rendered":"(Deutsch) T\u00fcrkei: Religionsbeh\u00f6rde \u00fcbernimmt Stromkosten der Synagogen"},"content":{"rendered":"<p class=\"qtranxs-available-languages-message qtranxs-available-languages-message-en\">Sorry, this entry is only available in <a href=\"https:\/\/www.islaminstitut.de\/de\/wp-json\/wp\/v2\/posts\/249600\" class=\"qtranxs-available-language-link qtranxs-available-language-link-de\" title=\"Deutsch\">Deutsch<\/a>.<\/p>","protected":false},"excerpt":{"rendered":"<p class=\"qtranxs-available-languages-message qtranxs-available-languages-message-en\">Sorry, this entry is only available in <a href=\"https:\/\/www.islaminstitut.de\/de\/wp-json\/wp\/v2\/posts\/249600\" class=\"qtranxs-available-language-link qtranxs-available-language-link-de\" title=\"Deutsch\">Deutsch<\/a>.<\/p>\n","protected":false},"author":1,"featured_media":0,"comment_status":"closed","ping_status":"closed","sticky":false,"template":"","format":"standard","meta":{"footnotes":""},"categories":[84],"tags":[193,196,390,134,26,650,92],"class_list":["post-249600","post","type-post","status-publish","format-standard","hentry","category-news-archiv","tag-juden","tag-kirche","tag-milli-goerues","tag-moschee","tag-staat","tag-synagoge","tag-tuerkei"],"_links":{"self":[{"href":"https:\/\/www.islaminstitut.de\/en\/wp-json\/wp\/v2\/posts\/249600","targetHints":{"allow":["GET"]}}],"collection":[{"href":"https:\/\/www.islaminstitut.de\/en\/wp-json\/wp\/v2\/posts"}],"about":[{"href":"https:\/\/www.islaminstitut.de\/en\/wp-json\/wp\/v2\/types\/post"}],"author":[{"embeddable":true,"href":"https:\/\/www.islaminstitut.de\/en\/wp-json\/wp\/v2\/users\/1"}],"replies":[{"embeddable":true,"href":"https:\/\/www.islaminstitut.de\/en\/wp-json\/wp\/v2\/comments?post=249600"}],"version-history":[{"count":2,"href":"https:\/\/www.islaminstitut.de\/en\/wp-json\/wp\/v2\/posts\/249600\/revisions"}],"predecessor-version":[{"id":249602,"href":"https:\/\/www.islaminstitut.de\/en\/wp-json\/wp\/v2\/posts\/249600\/revisions\/249602"}],"wp:attachment":[{"href":"https:\/\/www.islaminstitut.de\/en\/wp-json\/wp\/v2\/media?parent=249600"}],"wp:term":[{"taxonomy":"category","embeddable":true,"href":"https:\/\/www.islaminstitut.de\/en\/wp-json\/wp\/v2\/categories?post=249600"},{"taxonomy":"post_tag","embeddable":true,"href":"https:\/\/www.islaminstitut.de\/en\/wp-json\/wp\/v2\/tags?post=249600"}],"curies":[{"name":"wp","href":"https:\/\/api.w.org\/{rel}","templated":true}]}}