{"id":1110299,"date":"2022-02-11T10:34:31","date_gmt":"2022-02-11T09:34:31","guid":{"rendered":"https:\/\/www.islaminstitut.de\/?p=1110299"},"modified":"2022-10-24T13:26:16","modified_gmt":"2022-10-24T11:26:16","slug":"indonesien-das-land-mit-der-groessten-muslimischen-bevoelkerung-moechte-fuer-frieden-einstehen","status":"publish","type":"post","link":"https:\/\/www.islaminstitut.de\/en\/2022\/indonesien-das-land-mit-der-groessten-muslimischen-bevoelkerung-moechte-fuer-frieden-einstehen\/","title":{"rendered":"(Deutsch) Indonesien: Das Land mit der gr\u00f6\u00dften muslimischen Bev\u00f6lkerung m\u00f6chte f\u00fcr Frieden einstehen"},"content":{"rendered":"<p class=\"qtranxs-available-languages-message qtranxs-available-languages-message-en\">Sorry, this entry is only available in <a href=\"https:\/\/www.islaminstitut.de\/de\/wp-json\/wp\/v2\/posts\/1110299\" class=\"qtranxs-available-language-link qtranxs-available-language-link-de\" title=\"Deutsch\">Deutsch<\/a>.<\/p>","protected":false},"excerpt":{"rendered":"<p class=\"qtranxs-available-languages-message qtranxs-available-languages-message-en\">Sorry, this entry is only available in <a href=\"https:\/\/www.islaminstitut.de\/de\/wp-json\/wp\/v2\/posts\/1110299\" class=\"qtranxs-available-language-link qtranxs-available-language-link-de\" title=\"Deutsch\">Deutsch<\/a>.<\/p>\n","protected":false},"author":1,"featured_media":0,"comment_status":"closed","ping_status":"closed","sticky":false,"template":"","format":"standard","meta":{"footnotes":""},"categories":[1],"tags":[28,38],"class_list":["post-1110299","post","type-post","status-publish","format-standard","hentry","category-news","tag-frieden","tag-indonesien"],"_links":{"self":[{"href":"https:\/\/www.islaminstitut.de\/en\/wp-json\/wp\/v2\/posts\/1110299","targetHints":{"allow":["GET"]}}],"collection":[{"href":"https:\/\/www.islaminstitut.de\/en\/wp-json\/wp\/v2\/posts"}],"about":[{"href":"https:\/\/www.islaminstitut.de\/en\/wp-json\/wp\/v2\/types\/post"}],"author":[{"embeddable":true,"href":"https:\/\/www.islaminstitut.de\/en\/wp-json\/wp\/v2\/users\/1"}],"replies":[{"embeddable":true,"href":"https:\/\/www.islaminstitut.de\/en\/wp-json\/wp\/v2\/comments?post=1110299"}],"version-history":[{"count":1,"href":"https:\/\/www.islaminstitut.de\/en\/wp-json\/wp\/v2\/posts\/1110299\/revisions"}],"predecessor-version":[{"id":1110300,"href":"https:\/\/www.islaminstitut.de\/en\/wp-json\/wp\/v2\/posts\/1110299\/revisions\/1110300"}],"wp:attachment":[{"href":"https:\/\/www.islaminstitut.de\/en\/wp-json\/wp\/v2\/media?parent=1110299"}],"wp:term":[{"taxonomy":"category","embeddable":true,"href":"https:\/\/www.islaminstitut.de\/en\/wp-json\/wp\/v2\/categories?post=1110299"},{"taxonomy":"post_tag","embeddable":true,"href":"https:\/\/www.islaminstitut.de\/en\/wp-json\/wp\/v2\/tags?post=1110299"}],"curies":[{"name":"wp","href":"https:\/\/api.w.org\/{rel}","templated":true}]}}