{"id":1110289,"date":"2022-02-01T02:12:12","date_gmt":"2022-02-01T01:12:12","guid":{"rendered":"https:\/\/www.islaminstitut.de\/?p=1110289"},"modified":"2022-10-24T13:26:16","modified_gmt":"2022-10-24T11:26:16","slug":"suedafrika-kontroverse-um-pro-israelische-aeusserung-des-obersten-richters-ad-mogoeng-mogoeng","status":"publish","type":"post","link":"https:\/\/www.islaminstitut.de\/en\/2022\/suedafrika-kontroverse-um-pro-israelische-aeusserung-des-obersten-richters-ad-mogoeng-mogoeng\/","title":{"rendered":"(Deutsch) S\u00fcdafrika: Kontroverse um pro-israelische \u00c4u\u00dferung des Obersten Richters aD Mogoeng Mogoeng"},"content":{"rendered":"<p class=\"qtranxs-available-languages-message qtranxs-available-languages-message-en\">Sorry, this entry is only available in <a href=\"https:\/\/www.islaminstitut.de\/de\/wp-json\/wp\/v2\/posts\/1110289\" class=\"qtranxs-available-language-link qtranxs-available-language-link-de\" title=\"Deutsch\">Deutsch<\/a>.<\/p>","protected":false},"excerpt":{"rendered":"<p class=\"qtranxs-available-languages-message qtranxs-available-languages-message-en\">Sorry, this entry is only available in <a href=\"https:\/\/www.islaminstitut.de\/de\/wp-json\/wp\/v2\/posts\/1110289\" class=\"qtranxs-available-language-link qtranxs-available-language-link-de\" title=\"Deutsch\">Deutsch<\/a>.<\/p>\n","protected":false},"author":1,"featured_media":0,"comment_status":"closed","ping_status":"closed","sticky":false,"template":"","format":"standard","meta":{"footnotes":""},"categories":[1],"tags":[974,199,1608,126,1609,1610],"class_list":["post-1110289","post","type-post","status-publish","format-standard","hentry","category-news","tag-afrika","tag-israel","tag-mogoeng-mogoeng","tag-politik","tag-suedafrika","tag-warren-goldstein"],"_links":{"self":[{"href":"https:\/\/www.islaminstitut.de\/en\/wp-json\/wp\/v2\/posts\/1110289","targetHints":{"allow":["GET"]}}],"collection":[{"href":"https:\/\/www.islaminstitut.de\/en\/wp-json\/wp\/v2\/posts"}],"about":[{"href":"https:\/\/www.islaminstitut.de\/en\/wp-json\/wp\/v2\/types\/post"}],"author":[{"embeddable":true,"href":"https:\/\/www.islaminstitut.de\/en\/wp-json\/wp\/v2\/users\/1"}],"replies":[{"embeddable":true,"href":"https:\/\/www.islaminstitut.de\/en\/wp-json\/wp\/v2\/comments?post=1110289"}],"version-history":[{"count":1,"href":"https:\/\/www.islaminstitut.de\/en\/wp-json\/wp\/v2\/posts\/1110289\/revisions"}],"predecessor-version":[{"id":1110290,"href":"https:\/\/www.islaminstitut.de\/en\/wp-json\/wp\/v2\/posts\/1110289\/revisions\/1110290"}],"wp:attachment":[{"href":"https:\/\/www.islaminstitut.de\/en\/wp-json\/wp\/v2\/media?parent=1110289"}],"wp:term":[{"taxonomy":"category","embeddable":true,"href":"https:\/\/www.islaminstitut.de\/en\/wp-json\/wp\/v2\/categories?post=1110289"},{"taxonomy":"post_tag","embeddable":true,"href":"https:\/\/www.islaminstitut.de\/en\/wp-json\/wp\/v2\/tags?post=1110289"}],"curies":[{"name":"wp","href":"https:\/\/api.w.org\/{rel}","templated":true}]}}