{"id":1110146,"date":"2021-11-15T10:48:52","date_gmt":"2021-11-15T09:48:52","guid":{"rendered":"https:\/\/www.islaminstitut.de\/?p=1110146"},"modified":"2022-10-24T13:26:17","modified_gmt":"2022-10-24T11:26:17","slug":"europa-beratungen-oesterreichs-daenemarks-belgiens-und-frankreichs-zur-bekaempfung-des-islamismus","status":"publish","type":"post","link":"https:\/\/www.islaminstitut.de\/en\/2021\/europa-beratungen-oesterreichs-daenemarks-belgiens-und-frankreichs-zur-bekaempfung-des-islamismus\/","title":{"rendered":"(Deutsch) Europa: Beratungen \u00d6sterreichs, D\u00e4nemarks, Belgiens und Frankreichs zur Bek\u00e4mpfung des Islamismus"},"content":{"rendered":"<p class=\"qtranxs-available-languages-message qtranxs-available-languages-message-en\">Sorry, this entry is only available in <a href=\"https:\/\/www.islaminstitut.de\/de\/wp-json\/wp\/v2\/posts\/1110146\" class=\"qtranxs-available-language-link qtranxs-available-language-link-de\" title=\"Deutsch\">Deutsch<\/a>.<\/p>","protected":false},"excerpt":{"rendered":"<p class=\"qtranxs-available-languages-message qtranxs-available-languages-message-en\">Sorry, this entry is only available in <a href=\"https:\/\/www.islaminstitut.de\/de\/wp-json\/wp\/v2\/posts\/1110146\" class=\"qtranxs-available-language-link qtranxs-available-language-link-de\" title=\"Deutsch\">Deutsch<\/a>.<\/p>\n","protected":false},"author":1,"featured_media":0,"comment_status":"closed","ping_status":"closed","sticky":false,"template":"","format":"standard","meta":{"footnotes":""},"categories":[1],"tags":[282,413,50,168,81,114,1581,344,126],"class_list":["post-1110146","post","type-post","status-publish","format-standard","hentry","category-news","tag-belgien","tag-daenemark","tag-europa","tag-frankreich","tag-islam","tag-islamismus","tag-mathias-rohe","tag-oesterreich","tag-politik"],"_links":{"self":[{"href":"https:\/\/www.islaminstitut.de\/en\/wp-json\/wp\/v2\/posts\/1110146","targetHints":{"allow":["GET"]}}],"collection":[{"href":"https:\/\/www.islaminstitut.de\/en\/wp-json\/wp\/v2\/posts"}],"about":[{"href":"https:\/\/www.islaminstitut.de\/en\/wp-json\/wp\/v2\/types\/post"}],"author":[{"embeddable":true,"href":"https:\/\/www.islaminstitut.de\/en\/wp-json\/wp\/v2\/users\/1"}],"replies":[{"embeddable":true,"href":"https:\/\/www.islaminstitut.de\/en\/wp-json\/wp\/v2\/comments?post=1110146"}],"version-history":[{"count":1,"href":"https:\/\/www.islaminstitut.de\/en\/wp-json\/wp\/v2\/posts\/1110146\/revisions"}],"predecessor-version":[{"id":1110147,"href":"https:\/\/www.islaminstitut.de\/en\/wp-json\/wp\/v2\/posts\/1110146\/revisions\/1110147"}],"wp:attachment":[{"href":"https:\/\/www.islaminstitut.de\/en\/wp-json\/wp\/v2\/media?parent=1110146"}],"wp:term":[{"taxonomy":"category","embeddable":true,"href":"https:\/\/www.islaminstitut.de\/en\/wp-json\/wp\/v2\/categories?post=1110146"},{"taxonomy":"post_tag","embeddable":true,"href":"https:\/\/www.islaminstitut.de\/en\/wp-json\/wp\/v2\/tags?post=1110146"}],"curies":[{"name":"wp","href":"https:\/\/api.w.org\/{rel}","templated":true}]}}