{"id":1109944,"date":"2021-07-01T08:09:32","date_gmt":"2021-07-01T06:09:32","guid":{"rendered":"https:\/\/www.islaminstitut.de\/?p=1109944"},"modified":"2022-10-24T13:26:18","modified_gmt":"2022-10-24T11:26:18","slug":"tuerkei-tuerkischer-praesident-ergeht-sich-in-hasstiraden-gegen-israel","status":"publish","type":"post","link":"https:\/\/www.islaminstitut.de\/en\/2021\/tuerkei-tuerkischer-praesident-ergeht-sich-in-hasstiraden-gegen-israel\/","title":{"rendered":"(Deutsch) T\u00fcrkei: T\u00fcrkischer Pr\u00e4sident ergeht sich in Hasstiraden gegen Israel"},"content":{"rendered":"<p class=\"qtranxs-available-languages-message qtranxs-available-languages-message-en\">Sorry, this entry is only available in <a href=\"https:\/\/www.islaminstitut.de\/de\/wp-json\/wp\/v2\/posts\/1109944\" class=\"qtranxs-available-language-link qtranxs-available-language-link-de\" title=\"Deutsch\">Deutsch<\/a>.<\/p>","protected":false},"excerpt":{"rendered":"<p class=\"qtranxs-available-languages-message qtranxs-available-languages-message-en\">Sorry, this entry is only available in <a href=\"https:\/\/www.islaminstitut.de\/de\/wp-json\/wp\/v2\/posts\/1109944\" class=\"qtranxs-available-language-link qtranxs-available-language-link-de\" title=\"Deutsch\">Deutsch<\/a>.<\/p>\n","protected":false},"author":1,"featured_media":0,"comment_status":"closed","ping_status":"closed","sticky":false,"template":"","format":"standard","meta":{"footnotes":""},"categories":[1],"tags":[129,300,328,966,92],"class_list":["post-1109944","post","type-post","status-publish","format-standard","hentry","category-news","tag-antisemitismus","tag-erdogan","tag-hamas","tag-judenverfolgung","tag-tuerkei"],"_links":{"self":[{"href":"https:\/\/www.islaminstitut.de\/en\/wp-json\/wp\/v2\/posts\/1109944","targetHints":{"allow":["GET"]}}],"collection":[{"href":"https:\/\/www.islaminstitut.de\/en\/wp-json\/wp\/v2\/posts"}],"about":[{"href":"https:\/\/www.islaminstitut.de\/en\/wp-json\/wp\/v2\/types\/post"}],"author":[{"embeddable":true,"href":"https:\/\/www.islaminstitut.de\/en\/wp-json\/wp\/v2\/users\/1"}],"replies":[{"embeddable":true,"href":"https:\/\/www.islaminstitut.de\/en\/wp-json\/wp\/v2\/comments?post=1109944"}],"version-history":[{"count":1,"href":"https:\/\/www.islaminstitut.de\/en\/wp-json\/wp\/v2\/posts\/1109944\/revisions"}],"predecessor-version":[{"id":1109945,"href":"https:\/\/www.islaminstitut.de\/en\/wp-json\/wp\/v2\/posts\/1109944\/revisions\/1109945"}],"wp:attachment":[{"href":"https:\/\/www.islaminstitut.de\/en\/wp-json\/wp\/v2\/media?parent=1109944"}],"wp:term":[{"taxonomy":"category","embeddable":true,"href":"https:\/\/www.islaminstitut.de\/en\/wp-json\/wp\/v2\/categories?post=1109944"},{"taxonomy":"post_tag","embeddable":true,"href":"https:\/\/www.islaminstitut.de\/en\/wp-json\/wp\/v2\/tags?post=1109944"}],"curies":[{"name":"wp","href":"https:\/\/api.w.org\/{rel}","templated":true}]}}